  {"id":4034,"date":"2018-01-22T13:53:39","date_gmt":"2018-01-22T13:53:39","guid":{"rendered":"http:\/\/pilecka.pl\/?p=4034"},"modified":"2019-03-06T21:14:57","modified_gmt":"2019-03-06T21:14:57","slug":"spiacy-lama","status":"publish","type":"post","link":"https:\/\/pilecka.pl\/?p=4034","title":{"rendered":"\u015api\u0105cy LAMA"},"content":{"rendered":"<p><!--more--><br \/>\nW swoich w\u0119dr\u00f3wkach po \u015bwiecie znalaz\u0142am si\u0119 w niezwyk\u0142ym miejscu na granicy rosyjsko &#8211; mongolskiej w U\u0142an Ude. Tam znajduj\u0119 si\u0119 zesp\u00f3\u0142 \u015bwi\u0105ty\u0144 buddyjskich w kt\u00f3rym \u2026 no w\u0142a\u015bnie trudno w to uwierzy\u0107 ale od kilkudziesi\u0119ciu lat mnisi opiekuj\u0105 si\u0119 XII Pandito Chambo Dashi-Dorio Lama Itigie\u0142owem zmar\u0142ym w 1927 roku. Dla jednych zmar\u0142ych- dla drugich wci\u0105\u017c \u017cywym. Czekaj\u0105 na jego przebudzenie. Na lepsze czasy.<\/p>\n<p>W latach 1911 -1927 (czyli do rzekomej \u015bmierci) by\u0142 on g\u0142\u00f3wnym lam\u0105 rosyjskich buddyst\u00f3w. Dashi Dorio sam wybra\u0142 czas odej\u015bcia z tego \u015bwiata i poprosi\u0142 swoich uczni\u00f3w o modlitw\u0119 po\u017cegnaln\u0105 dla siebie. Zaskoczeni uczniowie (wcale si\u0119 tym nie dziwi\u0119) nie chcieli spe\u0142ni\u0107 jego \u017cyczenia. Lama sam usiad\u0142 w pozycji lotosu i rozpocz\u0105\u0142 modlitw\u0119. Przed swoj\u0105 \u015bmierci\u0105 wyda\u0142 jeszcze dyspozycj\u0119 odno\u015bnie swojego poch\u00f3wku i odkopania. Zakopany w skrzyni przesiedzia\u0142 pod ziemi\u0105 kilkadziesi\u0105t lat. Odkopywany by\u0142 3 razy. Ostatecznie w 2002 roku naukowcy przebadali pr\u00f3bki jego cia\u0142a i ze zdziwieniem stwierdzili \u017ce stan jego sk\u00f3ry po 75 latach nie wykazuje cech \u015bmierci.<\/p>\n<p>Dzi\u015b lama siedzi w jednej ze \u015bwi\u0105ty\u0144. Opiekuj\u0105 si\u0119 nim mnisi. Publicznie pokazywany jest podczas specjalnych \u015bwi\u0105t. Wierni licznie przybywaj\u0105 w\u00f3wczas do Dacanu Iwo\u0142gi\u0144skiego w U\u0142an Ude.<\/p>\n<p>Mia\u0142am to szcz\u0119\u015bcie, \u017ce znajoma z kt\u00f3r\u0105 odwiedza\u0142am kompleks \u015bwi\u0105ty\u0144 jest znana mnichom i mog\u0142am wej\u015b\u0107 do \u015brodka i zobaczy\u0107 siedz\u0105cego lam\u0119 na w\u0142asne oczy. Zdj\u0119\u0107 niestety nie mo\u017cna robi\u0107 w \u015brodku \u015bwi\u0105tyni. Lama siedzi w pozycji lotosu i z \u0142agodnym wyrazem twarzy spogl\u0105da na osoby odwiedzaj\u0105ce.<\/p>\n<p>&nbsp;<\/p>\n<p>Jak m\u00f3wi\u0105 mnisi pozostawi\u0142 on wiadomo\u015b\u0107 dla wszystkich mieszka\u0144c\u00f3w Ziemi. Jak\u0105? Bezs\u0142own\u0105. Wszyscy czekaj\u0105 na tego kto j\u0105 odczyta.<\/p>\n<p>&nbsp;<\/p>\n\n\t\t<style>\n\t\t\t#gallery-1 {\n\t\t\t\tmargin: auto;\n\t\t\t}\n\t\t\t#gallery-1 .gallery-item {\n\t\t\t\tfloat: left;\n\t\t\t\tmargin-top: 10px;\n\t\t\t\ttext-align: center;\n\t\t\t\twidth: 100%;\n\t\t\t}\n\t\t\t#gallery-1 img {\n\t\t\t\tborder: 2px solid #cfcfcf;\n\t\t\t}\n\t\t\t#gallery-1 .gallery-caption {\n\t\t\t\tmargin-left: 0;\n\t\t\t}\n\t\t\t\/* see gallery_shortcode() in wp-includes\/media.php *\/\n\t\t<\/style>\n\t\t<div id='gallery-1' class='gallery galleryid-4034 gallery-columns-1 gallery-size-full'><dl class='gallery-item'>\n\t\t\t<dt class='gallery-icon '>\n\t\t\t\t<a href='https:\/\/pilecka.pl\/wp-content\/uploads\/2018\/01\/Agnieszka_PileckaAP_170308_01485_.jpg'><img decoding=\"async\" src=\"https:\/\/pilecka.pl\/wp-content\/uploads\/2018\/01\/Agnieszka_PileckaAP_170308_01485_.jpg\" class=\"attachment-full size-full\" alt=\"\" \/><\/a>\n\t\t\t<\/dt><\/dl><br style=\"clear: both\" \/><dl class='gallery-item'>\n\t\t\t<dt class='gallery-icon '>\n\t\t\t\t<a href='https:\/\/pilecka.pl\/wp-content\/uploads\/2018\/01\/Agnieszka_PileckaAP_170308_01504_.jpg'><img decoding=\"async\" src=\"https:\/\/pilecka.pl\/wp-content\/uploads\/2018\/01\/Agnieszka_PileckaAP_170308_01504_.jpg\" class=\"attachment-full size-full\" alt=\"\" \/><\/a>\n\t\t\t<\/dt><\/dl><br style=\"clear: both\" \/><dl class='gallery-item'>\n\t\t\t<dt class='gallery-icon '>\n\t\t\t\t<a href='https:\/\/pilecka.pl\/wp-content\/uploads\/2018\/01\/Agnieszka_PileckaAP_170308_01599_.jpg'><img decoding=\"async\" src=\"https:\/\/pilecka.pl\/wp-content\/uploads\/2018\/01\/Agnieszka_PileckaAP_170308_01599_.jpg\" class=\"attachment-full size-full\" alt=\"\" \/><\/a>\n\t\t\t<\/dt><\/dl><br style=\"clear: both\" \/><dl class='gallery-item'>\n\t\t\t<dt class='gallery-icon '>\n\t\t\t\t<a href='https:\/\/pilecka.pl\/wp-content\/uploads\/2018\/01\/Agnieszka_PileckaAP_170308_01506_.jpg'><img decoding=\"async\" src=\"https:\/\/pilecka.pl\/wp-content\/uploads\/2018\/01\/Agnieszka_PileckaAP_170308_01506_.jpg\" class=\"attachment-full size-full\" alt=\"\" \/><\/a>\n\t\t\t<\/dt><\/dl><br style=\"clear: both\" \/><dl class='gallery-item'>\n\t\t\t<dt class='gallery-icon '>\n\t\t\t\t<a href='https:\/\/pilecka.pl\/wp-content\/uploads\/2018\/01\/Agnieszka_PileckaAP_170308_01620_.jpg'><img decoding=\"async\" src=\"https:\/\/pilecka.pl\/wp-content\/uploads\/2018\/01\/Agnieszka_PileckaAP_170308_01620_.jpg\" class=\"attachment-full size-full\" alt=\"\" \/><\/a>\n\t\t\t<\/dt><\/dl><br style=\"clear: both\" \/><dl class='gallery-item'>\n\t\t\t<dt class='gallery-icon '>\n\t\t\t\t<a href='https:\/\/pilecka.pl\/wp-content\/uploads\/2018\/01\/Agnieszka_PileckaAP_170308_01544_.jpg'><img decoding=\"async\" src=\"https:\/\/pilecka.pl\/wp-content\/uploads\/2018\/01\/Agnieszka_PileckaAP_170308_01544_.jpg\" class=\"attachment-full size-full\" alt=\"\" \/><\/a>\n\t\t\t<\/dt><\/dl><br style=\"clear: both\" \/><dl class='gallery-item'>\n\t\t\t<dt class='gallery-icon '>\n\t\t\t\t<a href='https:\/\/pilecka.pl\/wp-content\/uploads\/2018\/01\/Agnieszka_PileckaAP_170308_01572_.jpg'><img decoding=\"async\" src=\"https:\/\/pilecka.pl\/wp-content\/uploads\/2018\/01\/Agnieszka_PileckaAP_170308_01572_.jpg\" class=\"attachment-full size-full\" alt=\"\" \/><\/a>\n\t\t\t<\/dt><\/dl><br style=\"clear: both\" \/><dl class='gallery-item'>\n\t\t\t<dt class='gallery-icon '>\n\t\t\t\t<a href='https:\/\/pilecka.pl\/wp-content\/uploads\/2018\/01\/Agnieszka_PileckaAP_170308_01610_.jpg'><img decoding=\"async\" src=\"https:\/\/pilecka.pl\/wp-content\/uploads\/2018\/01\/Agnieszka_PileckaAP_170308_01610_.jpg\" class=\"attachment-full size-full\" alt=\"\" \/><\/a>\n\t\t\t<\/dt><\/dl><br style=\"clear: both\" \/><dl class='gallery-item'>\n\t\t\t<dt class='gallery-icon '>\n\t\t\t\t<a href='https:\/\/pilecka.pl\/wp-content\/uploads\/2018\/01\/Agnieszka_PileckaAP_170308_01559_.jpg'><img decoding=\"async\" src=\"https:\/\/pilecka.pl\/wp-content\/uploads\/2018\/01\/Agnieszka_PileckaAP_170308_01559_.jpg\" class=\"attachment-full size-full\" alt=\"\" \/><\/a>\n\t\t\t<\/dt><\/dl><br style=\"clear: both\" \/>\n\t\t<\/div>\n\n","protected":false},"excerpt":{"rendered":"W swoich w\u0119dr\u00f3wkach po \u015bwiecie znalaz\u0142am si\u0119 w niezwyk\u0142ym miejscu na granicy rosyjsko - mongolskiej w U\u0142an Ude. Tam znajduj\u0119 si\u0119 zesp\u00f3\u0142 \u015bwi\u0105ty\u0144 buddyjskich w kt\u00f3rym \u2026 no w\u0142a\u015bnie trudno w to uwierzy\u0107 ale od kilkudziesi\u0119ciu lat mnisi opiekuj\u0105 si\u0119 [...]","protected":false},"author":2,"featured_media":4044,"comment_status":"open","ping_status":"open","sticky":false,"template":"","format":"standard","meta":{"footnotes":""},"categories":[],"tags":[],"class_list":["post-4034","post","type-post","status-publish","format-standard","has-post-thumbnail","hentry"],"_links":{"self":[{"href":"https:\/\/pilecka.pl\/index.php?rest_route=\/wp\/v2\/posts\/4034","targetHints":{"allow":["GET"]}}],"collection":[{"href":"https:\/\/pilecka.pl\/index.php?rest_route=\/wp\/v2\/posts"}],"about":[{"href":"https:\/\/pilecka.pl\/index.php?rest_route=\/wp\/v2\/types\/post"}],"author":[{"embeddable":true,"href":"https:\/\/pilecka.pl\/index.php?rest_route=\/wp\/v2\/users\/2"}],"replies":[{"embeddable":true,"href":"https:\/\/pilecka.pl\/index.php?rest_route=%2Fwp%2Fv2%2Fcomments&post=4034"}],"version-history":[{"count":7,"href":"https:\/\/pilecka.pl\/index.php?rest_route=\/wp\/v2\/posts\/4034\/revisions"}],"predecessor-version":[{"id":4133,"href":"https:\/\/pilecka.pl\/index.php?rest_route=\/wp\/v2\/posts\/4034\/revisions\/4133"}],"wp:featuredmedia":[{"embeddable":true,"href":"https:\/\/pilecka.pl\/index.php?rest_route=\/wp\/v2\/media\/4044"}],"wp:attachment":[{"href":"https:\/\/pilecka.pl\/index.php?rest_route=%2Fwp%2Fv2%2Fmedia&parent=4034"}],"wp:term":[{"taxonomy":"category","embeddable":true,"href":"https:\/\/pilecka.pl\/index.php?rest_route=%2Fwp%2Fv2%2Fcategories&post=4034"},{"taxonomy":"post_tag","embeddable":true,"href":"https:\/\/pilecka.pl\/index.php?rest_route=%2Fwp%2Fv2%2Ftags&post=4034"}],"curies":[{"name":"wp","href":"https:\/\/api.w.org\/{rel}","templated":true}]}}